{"id":639,"date":"2024-05-26T18:40:20","date_gmt":"2024-05-26T21:40:20","guid":{"rendered":"https:\/\/mundodafama.online\/index.php\/2024\/05\/26\/polemica-em-santa-rita-mp-pede-cancelamento-de-show-milionario-de-gusttavo-lima\/"},"modified":"2024-05-26T18:44:48","modified_gmt":"2024-05-26T21:44:48","slug":"polemica-em-santa-rita-mp-pede-cancelamento-de-show-milionario-de-gusttavo-lima","status":"publish","type":"post","link":"https:\/\/mundodafama.online\/index.php\/2024\/05\/26\/polemica-em-santa-rita-mp-pede-cancelamento-de-show-milionario-de-gusttavo-lima\/","title":{"rendered":"Renomado cantor Gusttavo Lima."},"content":{"rendered":"\n<p>Recentemente, a cidade de Santa Rita foi palco de uma controv\u00e9rsia envolvendo a apresenta\u00e7\u00e3o do renomado cantor Gusttavo Lima. O Minist\u00e9rio P\u00fablico (MP) solicitou o cancelamento do show, que estava previsto para ocorrer no pr\u00f3ximo m\u00eas. Este evento, ansiosamente aguardado pela popula\u00e7\u00e3o local, prometia ser um dos maiores acontecimentos culturais do ano, com expectativas de atrair milhares de pessoas e, consequentemente, gerar um significativo impacto econ\u00f4mico para a cidade.<\/p>\n\n\n\n<p>A import\u00e2ncia do show de Gusttavo Lima para Santa Rita n\u00e3o pode ser subestimada. Al\u00e9m de proporcionar entretenimento de alta qualidade para os moradores, o evento tamb\u00e9m criaria oportunidades de emprego tempor\u00e1rio e impulsionaria o com\u00e9rcio local. No entanto, o pedido de cancelamento pelo MP trouxe \u00e0 tona uma s\u00e9rie de quest\u00f5es jur\u00eddicas e \u00e9ticas que precisam ser consideradas.<\/p>\n\n\n\n<p>O pedido de cancelamento foi feito ap\u00f3s o Minist\u00e9rio P\u00fablico avaliar diversos fatores que envolvem a realiza\u00e7\u00e3o do evento, incluindo quest\u00f5es de seguran\u00e7a, impacto ambiental, e a utiliza\u00e7\u00e3o de recursos p\u00fablicos. A an\u00e1lise do MP destacou preocupa\u00e7\u00f5es com a aloca\u00e7\u00e3o de verbas municipais para um show de alto custo, em um momento em que outras \u00e1reas essenciais, como sa\u00fade e educa\u00e7\u00e3o, tamb\u00e9m necessitam de investimentos urgentes.<\/p>\n\n\n\n<p>O contexto legal e social que envolve o pedido de cancelamento do show de Gusttavo Lima em Santa Rita \u00e9 complexo e multifacetado. No centro da controv\u00e9rsia est\u00e3o as diferentes perspectivas sobre a melhor maneira de utilizar os recursos da cidade para beneficiar a popula\u00e7\u00e3o. A decis\u00e3o final ainda est\u00e1 em aberto, e a comunidade aguarda ansiosamente os pr\u00f3ximos desdobramentos desta pol\u00eamica.<\/p>\n\n\n\n<h2 class=\"wp-block-heading\">Motiva\u00e7\u00f5es do Minist\u00e9rio P\u00fablico<\/h2>\n\n\n\n<p>O Minist\u00e9rio P\u00fablico (MP) apresentou uma s\u00e9rie de raz\u00f5es para solicitar o cancelamento do show milion\u00e1rio de Gusttavo Lima em Santa Rita. Entre as principais motiva\u00e7\u00f5es, destaca-se o uso de verba p\u00fablica para a realiza\u00e7\u00e3o do evento. De acordo com o MP, a destina\u00e7\u00e3o de recursos p\u00fablicos para financiar o show levanta s\u00e9rias preocupa\u00e7\u00f5es sobre a prioriza\u00e7\u00e3o de gastos p\u00fablicos, especialmente em um contexto de necessidades urgentes em outras \u00e1reas da cidade.<\/p>\n\n\n\n<p>O MP tamb\u00e9m apontou poss\u00edveis irregularidades nas contrata\u00e7\u00f5es associadas ao evento. H\u00e1 ind\u00edcios de que os processos licitat\u00f3rios n\u00e3o seguiram os tr\u00e2mites legais necess\u00e1rios, o que gera suspeitas de favorecimento e falta de transpar\u00eancia. Essas irregularidades, se confirmadas, podem configurar atos de improbidade administrativa, o que refor\u00e7a a necessidade de uma investiga\u00e7\u00e3o aprofundada.<\/p>\n\n\n\n<p>Outro ponto crucial levantado pelo MP \u00e9 a prioridade de investimentos em setores fundamentais para a popula\u00e7\u00e3o de Santa Rita. A cidade enfrenta desafios significativos em \u00e1reas como sa\u00fade, educa\u00e7\u00e3o e infraestrutura, que demandam aten\u00e7\u00e3o e recursos cont\u00ednuos. A aloca\u00e7\u00e3o de uma quantia substancial de dinheiro p\u00fablico para um show de entretenimento, portanto, \u00e9 vista como uma decis\u00e3o question\u00e1vel, especialmente quando comparada \u00e0s necessidades b\u00e1sicas n\u00e3o atendidas da comunidade.<\/p>\n\n\n\n<p>Al\u00e9m das preocupa\u00e7\u00f5es institucionais, houve tamb\u00e9m den\u00fancias por parte da popula\u00e7\u00e3o e de outras entidades civis. Essas den\u00fancias destacaram o descontentamento e a indigna\u00e7\u00e3o da comunidade local com a utiliza\u00e7\u00e3o de recursos p\u00fablicos para um evento de grande porte, enquanto problemas mais urgentes permanecem sem solu\u00e7\u00e3o. A press\u00e3o popular e o apoio de organiza\u00e7\u00f5es civis influenciaram significativamente a decis\u00e3o do MP de intervir e solicitar o cancelamento do show.<\/p>\n\n\n\n<p>Em suma, as motiva\u00e7\u00f5es do Minist\u00e9rio P\u00fablico para pedir o cancelamento do show de Gusttavo Lima est\u00e3o fundamentadas em preocupa\u00e7\u00f5es leg\u00edtimas sobre o uso respons\u00e1vel de verbas p\u00fablicas, a necessidade de transpar\u00eancia nas contrata\u00e7\u00f5es e a prioridade de investimentos em \u00e1reas essenciais para a cidade de Santa Rita.<\/p>\n\n\n\n<p>A pol\u00eamica em torno do pedido do Minist\u00e9rio P\u00fablico para cancelar o show milion\u00e1rio de Gusttavo Lima em Santa Rita gerou rea\u00e7\u00f5es diversas entre a popula\u00e7\u00e3o e as autoridades locais. Entre os moradores, as opini\u00f5es se dividem. Enquanto alguns acreditam que o evento seria um desperd\u00edcio de recursos p\u00fablicos, outros argumentam que a presen\u00e7a do artista poderia trazer benef\u00edcios econ\u00f4micos significativos para a cidade.<\/p>\n\n\n\n<p>Os comerciantes locais, em sua maioria, manifestaram apoio \u00e0 realiza\u00e7\u00e3o do show. Eles veem na atra\u00e7\u00e3o uma oportunidade de aumento nas vendas e no fluxo de turistas, o que impulsionaria a economia local. &#8220;Um evento desse porte atrai gente de toda a regi\u00e3o, o que \u00e9 \u00f3timo para o nosso neg\u00f3cio,&#8221; declarou Jo\u00e3o Silva, dono de uma pousada na cidade.<\/p>\n\n\n\n<p>Por outro lado, os f\u00e3s de Gusttavo Lima expressaram desapontamento com a possibilidade de cancelamento. &#8220;Estamos esperando esse show h\u00e1 meses. Seria uma grande decep\u00e7\u00e3o se fosse cancelado,&#8221; disse Maria Souza, uma f\u00e3 dedicada do cantor.<\/p>\n\n\n\n<p>A prefeitura de Santa Rita se pronunciou sobre o assunto, destacando que o evento estava planejado para ser financiado majoritariamente por patrocinadores privados. Em nota oficial, argumentou que o show contribuiria para a visibilidade da cidade e fomentaria o turismo, sem comprometer os cofres p\u00fablicos. &#8220;Estamos trabalhando para que o evento ocorra de forma respons\u00e1vel e vantajosa para todos os envolvidos,&#8221; afirmou o prefeito.<\/p>\n\n\n\n<p>Os organizadores do evento tamb\u00e9m se manifestaram, enfatizando que todas as medidas necess\u00e1rias estavam sendo tomadas para garantir a seguran\u00e7a e o sucesso do show. &#8220;Temos um contrato com o artista e estamos comprometidos em cumprir com nossos acordos,&#8221; declarou um dos organizadores.<\/p>\n\n\n\n<p>Gusttavo Lima, por sua vez, utilizou suas redes sociais para expressar sua esperan\u00e7a de que o evento aconte\u00e7a conforme o planejado. &#8220;Estou ansioso para me apresentar em Santa Rita e espero que possamos proporcionar um momento especial para todos,&#8221; postou o cantor.<\/p>\n\n\n\n<p>No \u00e2mbito econ\u00f4mico e social, a pol\u00eamica causou um impacto significativo na cidade.<\/p>\n","protected":false},"excerpt":{"rendered":"<p>Recentemente, a cidade de Santa Rita foi palco de uma controv\u00e9rsia envolvendo a apresenta\u00e7\u00e3o do renomado cantor Gusttavo Lima. O<\/p>\n","protected":false},"author":1,"featured_media":641,"comment_status":"closed","ping_status":"closed","sticky":true,"template":"","format":"standard","meta":{"colormag_page_container_layout":"default_layout","colormag_page_sidebar_layout":"default_layout","footnotes":""},"categories":[46],"tags":[117,116,99],"class_list":["post-639","post","type-post","status-publish","format-standard","has-post-thumbnail","hentry","category-noticias","tag-eventos-cancelados","tag-gusttavo-lima","tag-polemica"],"aioseo_notices":[],"_links":{"self":[{"href":"https:\/\/mundodafama.online\/index.php\/wp-json\/wp\/v2\/posts\/639","targetHints":{"allow":["GET"]}}],"collection":[{"href":"https:\/\/mundodafama.online\/index.php\/wp-json\/wp\/v2\/posts"}],"about":[{"href":"https:\/\/mundodafama.online\/index.php\/wp-json\/wp\/v2\/types\/post"}],"author":[{"embeddable":true,"href":"https:\/\/mundodafama.online\/index.php\/wp-json\/wp\/v2\/users\/1"}],"replies":[{"embeddable":true,"href":"https:\/\/mundodafama.online\/index.php\/wp-json\/wp\/v2\/comments?post=639"}],"version-history":[{"count":0,"href":"https:\/\/mundodafama.online\/index.php\/wp-json\/wp\/v2\/posts\/639\/revisions"}],"wp:featuredmedia":[{"embeddable":true,"href":"https:\/\/mundodafama.online\/index.php\/wp-json\/wp\/v2\/media\/641"}],"wp:attachment":[{"href":"https:\/\/mundodafama.online\/index.php\/wp-json\/wp\/v2\/media?parent=639"}],"wp:term":[{"taxonomy":"category","embeddable":true,"href":"https:\/\/mundodafama.online\/index.php\/wp-json\/wp\/v2\/categories?post=639"},{"taxonomy":"post_tag","embeddable":true,"href":"https:\/\/mundodafama.online\/index.php\/wp-json\/wp\/v2\/tags?post=639"}],"curies":[{"name":"wp","href":"https:\/\/api.w.org\/{rel}","templated":true}]}}