{"id":691,"date":"2024-06-16T18:05:29","date_gmt":"2024-06-16T21:05:29","guid":{"rendered":"https:\/\/mundodafama.online\/?p=691"},"modified":"2024-06-16T18:05:30","modified_gmt":"2024-06-16T21:05:30","slug":"fatima-bernardes-conta-que-se-afastou-da-tv-por-causa-de-cancerme-fez-repensar-na-vida","status":"publish","type":"post","link":"https:\/\/mundodafama.online\/index.php\/2024\/06\/16\/fatima-bernardes-conta-que-se-afastou-da-tv-por-causa-de-cancerme-fez-repensar-na-vida\/","title":{"rendered":"F\u00e1tima Bernardes Conta Que Se Afastou da TV por Causa de C\u00e2ncer,me fez repensar na vida\u2026\u2026\u2026\u2026.."},"content":{"rendered":"\n<p><a href=\"https:\/\/jornaldasestrelas.online\/index.php\/2024\/06\/16\/fatima-bernardes-conta-que-se-afastou-da-tv-por-causa-de-cancer-susto-me-fez-repensar-a-vida\/\"><time datetime=\"\"><\/time><\/a><a href=\"https:\/\/jornaldasestrelas.online\/index.php\/author\/aquinoticias\/\"><\/a><\/p>\n\n\n\n<p>O diagn\u00f3stico de c\u00e2ncer chegou como um choque para F\u00e1tima Bernardes. Em um dia que parecia comum, ela recebeu a not\u00edcia que mudaria para sempre a sua perspectiva de vida. Ao ouvir as palavras do seu m\u00e9dico, um turbilh\u00e3o de emo\u00e7\u00f5es tomou conta dela. O sentimento inicial de incredulidade foi rapidamente substitu\u00eddo por uma onda avassaladora de medo e incerteza sobre o futuro.<\/p>\n\n\n\n<p>F\u00e1tima lembra bem do momento em que o m\u00e9dico disse as palavras que ningu\u00e9m quer ouvir: \u201cVoc\u00ea tem c\u00e2ncer\u201d. Aquela frase ecoou em sua mente, trazendo uma sensa\u00e7\u00e3o de vulnerabilidade que ela nunca havia experimentado antes. O impacto foi tanto pessoal quanto profissional, pois al\u00e9m de lidar com o medo pela pr\u00f3pria vida, ela teve que enfrentar a dif\u00edcil decis\u00e3o de se afastar temporariamente da televis\u00e3o, algo que sempre foi uma parte integral de sua identidade.<\/p>\n\n\n\n<p>No entanto, o diagn\u00f3stico precoce foi um fator crucial nesse momento. A descoberta do c\u00e2ncer em seu est\u00e1gio inicial deu a F\u00e1tima uma vantagem significativa na luta contra a doen\u00e7a. Ela rapidamente tomou as medidas necess\u00e1rias para iniciar o tratamento, o que incluiu consultas com especialistas, exames adicionais e a elabora\u00e7\u00e3o de um plano de tratamento eficaz. A import\u00e2ncia do diagn\u00f3stico precoce n\u00e3o pode ser subestimada, pois ele aumentou consideravelmente suas chances de recupera\u00e7\u00e3o e proporcionou um caminho mais claro para o tratamento.<\/p>\n\n\n\n<p>Essa experi\u00eancia tamb\u00e9m fez F\u00e1tima repensar muitos aspectos de sua vida. O susto inicial serviu como um catalisador para uma s\u00e9rie de mudan\u00e7as, tanto em sua rotina de sa\u00fade quanto em sua vida pessoal. Ela come\u00e7ou a valorizar ainda mais o tempo com a fam\u00edlia e amigos, e a priorizar sua sa\u00fade e bem-estar acima de tudo. O diagn\u00f3stico de c\u00e2ncer, apesar de assustador, acabou sendo um ponto de virada que a levou a adotar uma nova perspectiva sobre a vida.<\/p>\n\n\n\n<h2 class=\"wp-block-heading\">A Decis\u00e3o de Se Afastar da TV<\/h2>\n\n\n\n<p>F\u00e1tima Bernardes, uma das figuras mais reconhecidas da televis\u00e3o brasileira, tomou uma decis\u00e3o significativa ao se afastar de suas atividades na TV ap\u00f3s um diagn\u00f3stico de c\u00e2ncer. Este momento de vulnerabilidade e incerteza desempenhou um papel crucial em sua escolha de priorizar a sa\u00fade e o tratamento. O diagn\u00f3stico de c\u00e2ncer foi um susto que a fez repensar a vida e suas prioridades, levando-a a uma pausa necess\u00e1ria para se concentrar em sua recupera\u00e7\u00e3o.<\/p>\n\n\n\n<p>A decis\u00e3o de F\u00e1tima de se afastar das telas n\u00e3o foi tomada de \u00e2nimo leve. A apresentadora, conhecida por sua dedica\u00e7\u00e3o e profissionalismo, entendeu que, naquele momento, cuidar de sua sa\u00fade era primordial. Essa escolha refletiu n\u00e3o apenas a necessidade de tratamento m\u00e9dico, mas tamb\u00e9m a import\u00e2ncia de um tempo de qualidade para si mesma, algo que muitas vezes \u00e9 negligenciado em profiss\u00f5es de alta demanda como a dela.<\/p>\n\n\n\n<p>A pausa na carreira de F\u00e1tima Bernardes teve um impacto significativo tanto no \u00e2mbito profissional quanto pessoal. No cen\u00e1rio televisivo, sua aus\u00eancia foi imediatamente sentida por colegas de trabalho e pelo p\u00fablico. A apresentadora recebeu uma onda de apoio e solidariedade de f\u00e3s e profissionais da m\u00eddia, demonstrando o quanto \u00e9 querida e respeitada. Esse suporte foi essencial para sua recupera\u00e7\u00e3o, proporcionando-lhe for\u00e7a e encorajamento durante o tratamento.<\/p>\n\n\n\n<p>Durante esse per\u00edodo, a apresentadora teve a oportunidade de refletir sobre seu trajeto profissional e pessoal. A pausa for\u00e7ada pelo c\u00e2ncer trouxe uma nova perspectiva sobre o equil\u00edbrio entre trabalho e vida pessoal, algo que F\u00e1tima compartilhou com seu p\u00fablico posteriormente. Essa pausa n\u00e3o apenas permitiu que ela se recuperasse fisicamente, mas tamb\u00e9m a ajudou a reencontrar um sentido mais profundo em sua vida e carreira.<\/p>\n","protected":false},"excerpt":{"rendered":"<p>O diagn\u00f3stico de c\u00e2ncer chegou como um choque para F\u00e1tima Bernardes. Em um dia que parecia comum, ela recebeu a<\/p>\n","protected":false},"author":1,"featured_media":692,"comment_status":"closed","ping_status":"closed","sticky":true,"template":"","format":"standard","meta":{"colormag_page_container_layout":"default_layout","colormag_page_sidebar_layout":"default_layout","footnotes":""},"categories":[58],"tags":[50,52,49],"class_list":["post-691","post","type-post","status-publish","format-standard","has-post-thumbnail","hentry","category-fama","tag-noticias","tag-fama","tag-informativo"],"aioseo_notices":[],"_links":{"self":[{"href":"https:\/\/mundodafama.online\/index.php\/wp-json\/wp\/v2\/posts\/691","targetHints":{"allow":["GET"]}}],"collection":[{"href":"https:\/\/mundodafama.online\/index.php\/wp-json\/wp\/v2\/posts"}],"about":[{"href":"https:\/\/mundodafama.online\/index.php\/wp-json\/wp\/v2\/types\/post"}],"author":[{"embeddable":true,"href":"https:\/\/mundodafama.online\/index.php\/wp-json\/wp\/v2\/users\/1"}],"replies":[{"embeddable":true,"href":"https:\/\/mundodafama.online\/index.php\/wp-json\/wp\/v2\/comments?post=691"}],"version-history":[{"count":0,"href":"https:\/\/mundodafama.online\/index.php\/wp-json\/wp\/v2\/posts\/691\/revisions"}],"wp:featuredmedia":[{"embeddable":true,"href":"https:\/\/mundodafama.online\/index.php\/wp-json\/wp\/v2\/media\/692"}],"wp:attachment":[{"href":"https:\/\/mundodafama.online\/index.php\/wp-json\/wp\/v2\/media?parent=691"}],"wp:term":[{"taxonomy":"category","embeddable":true,"href":"https:\/\/mundodafama.online\/index.php\/wp-json\/wp\/v2\/categories?post=691"},{"taxonomy":"post_tag","embeddable":true,"href":"https:\/\/mundodafama.online\/index.php\/wp-json\/wp\/v2\/tags?post=691"}],"curies":[{"name":"wp","href":"https:\/\/api.w.org\/{rel}","templated":true}]}}