{"id":698,"date":"2024-06-20T23:07:10","date_gmt":"2024-06-21T02:07:10","guid":{"rendered":"https:\/\/mundodafama.online\/?p=698"},"modified":"2024-06-20T23:07:11","modified_gmt":"2024-06-21T02:07:11","slug":"cantor-cristian-falece-na-ultima-madrugada","status":"publish","type":"post","link":"https:\/\/mundodafama.online\/index.php\/2024\/06\/20\/cantor-cristian-falece-na-ultima-madrugada\/","title":{"rendered":"Cantor Cristian falece na ultima madrugada"},"content":{"rendered":"<h2 class=\"wp-block-heading\">Introdu\u00e7\u00e3o e Contexto da Not\u00edcia<\/h2>\n\n<p>O falecimento de Cristian, integrante da renomada dupla sertaneja Cristian e Ralf, trouxe uma onda de como\u00e7\u00e3o e tristeza ao cen\u00e1rio musical brasileiro. A not\u00edcia, rapidamente divulgada nas m\u00eddias sociais, teve um impacto profundo tanto entre os f\u00e3s quanto na comunidade art\u00edstica. A dupla, conhecida por suas harmonias e can\u00e7\u00f5es marcantes, conquistou um lugar especial no cora\u00e7\u00e3o dos admiradores da m\u00fasica sertaneja.<\/p>\n\n<p>Assim que a not\u00edcia do falecimento de Cristian foi divulgada, as redes sociais foram inundadas por mensagens de pesar e homenagens. F\u00e3s, amigos e colegas de profiss\u00e3o expressaram seu luto e compartilharam mem\u00f3rias sobre o cantor. A resposta do p\u00fablico foi imediata, refletindo a profunda conex\u00e3o que Cristian e Ralf tinham com seus seguidores.<\/p>\n\n<p>A carreira de Cristian e Ralf \u00e9 marcada por sucessos que atravessaram gera\u00e7\u00f5es. Desde os anos 1980, a dupla esteve presente no cen\u00e1rio musical com uma s\u00e9rie de \u00e1lbuns e singles que se tornaram cl\u00e1ssicos do sertanejo. Cristian, com sua voz \u00fanica e talento inquestion\u00e1vel, foi pe\u00e7a fundamental na constru\u00e7\u00e3o da identidade musical da dupla. Sua contribui\u00e7\u00e3o para o sertanejo brasileiro \u00e9 ineg\u00e1vel e seu legado continuar\u00e1 a influenciar futuros artistas.<\/p>\n\n<p>Com uma trajet\u00f3ria repleta de pr\u00eamios e reconhecimentos, Cristian e Ralf n\u00e3o s\u00f3 marcaram a m\u00fasica sertaneja, mas tamb\u00e9m ampliaram os horizontes do g\u00eanero, incorporando novas sonoridades e estilos. A perda de Cristian deixa uma lacuna significativa, mas sua m\u00fasica e lembran\u00e7a continuar\u00e3o a ressoar entre os f\u00e3s e na hist\u00f3ria da m\u00fasica brasileira.<\/p>\n\n<h2 class=\"wp-block-heading\">A Carreira de Sucesso de Cristian e Ralf<\/h2>\n\n<p>Cristian e Ralf formaram uma das duplas mais ic\u00f4nicas da m\u00fasica sertaneja no Brasil. A trajet\u00f3ria da dupla come\u00e7ou em 1983, quando lan\u00e7aram seu primeiro \u00e1lbum, que rapidamente chamou a aten\u00e7\u00e3o do p\u00fablico e da cr\u00edtica. Com letras rom\u00e2nticas e uma harmonia vocal inconfund\u00edvel, Cristian e Ralf conseguiram se destacar em um mercado competitivo, conquistando uma legi\u00e3o de f\u00e3s ao longo dos anos.<\/p>\n\n<p>Ao longo de sua carreira, a dupla lan\u00e7ou mais de 25 \u00e1lbuns de est\u00fadio, cada um trazendo novos sucessos que se tornaram cl\u00e1ssicos do g\u00eanero sertanejo. Can\u00e7\u00f5es como &#8220;Cheiro de Shampoo&#8221;, &#8220;Chora Peito&#8221; e &#8220;Nova York&#8221; s\u00e3o apenas alguns dos exemplos que marcaram a discografia de Cristian e Ralf, solidificando sua presen\u00e7a no cen\u00e1rio musical brasileiro. A qu\u00edmica entre os dois cantores, tanto no palco quanto fora dele, foi um dos fatores determinantes para o sucesso cont\u00ednuo da dupla.<\/p>\n\n<p>O talento de Cristian e Ralf n\u00e3o passou despercebido, resultando em v\u00e1rios pr\u00eamios ao longo das d\u00e9cadas. Eles foram agraciados com diversos trof\u00e9us de prest\u00edgio, incluindo o Pr\u00eamio Sharp de M\u00fasica e o Trof\u00e9u Imprensa, reconhecendo a excel\u00eancia de suas composi\u00e7\u00f5es e performances. Al\u00e9m disso, a dupla se destacou em festivais de m\u00fasica sertaneja, onde suas apresenta\u00e7\u00f5es memor\u00e1veis cativaram n\u00e3o apenas os jurados, mas tamb\u00e9m o p\u00fablico.<\/p>\n\n<p>A parceria duradoura entre Cristian e Ralf foi fundamental para a cria\u00e7\u00e3o de uma identidade \u00fanica no universo da m\u00fasica sertaneja. A combina\u00e7\u00e3o de suas vozes e a sinergia no palco fizeram com que a dupla se tornasse um modelo a ser seguido por novas gera\u00e7\u00f5es de artistas. O legado de Cristian e Ralf continua a influenciar e inspirar m\u00fasicos e f\u00e3s, perpetuando a relev\u00e2ncia de sua obra no panorama musical brasileiro.<\/p>\n\n<h2 class=\"wp-block-heading\">O Legado de Cristian na M\u00fasica Sertaneja<\/h2>\n\n<p>Cristian, da renomada dupla Cristian e Ralf, deixou um legado indel\u00e9vel na m\u00fasica sertaneja. Com uma carreira que se estendeu por d\u00e9cadas, suas composi\u00e7\u00f5es e interpreta\u00e7\u00f5es emocionaram diversas gera\u00e7\u00f5es de f\u00e3s. A influ\u00eancia de Cristian no g\u00eanero sertanejo \u00e9 inquestion\u00e1vel, sendo ele uma das figuras mais reverenciadas e respeitadas no meio musical. Suas m\u00fasicas, com letras profundamente sentimentais e melodias cativantes, continuam a tocar o cora\u00e7\u00e3o de muitos, perpetuando sua mem\u00f3ria atrav\u00e9s dos tempos.<\/p>\n\n<p>A obra de Cristian n\u00e3o apenas conquistou o p\u00fablico, mas tamb\u00e9m inspirou in\u00fameros artistas e m\u00fasicos sertanejos. Seu estilo \u00fanico e sua capacidade de transmitir emo\u00e7\u00f5es genu\u00ednas atrav\u00e9s da m\u00fasica serviram como um modelo a ser seguido. A admira\u00e7\u00e3o por Cristian se reflete nas homenagens prestadas por outros cantores e figuras p\u00fablicas, que frequentemente citam seu trabalho como uma importante influ\u00eancia em suas pr\u00f3prias carreiras.<\/p>\n\n<p>Al\u00e9m das homenagens, o impacto cultural de Cristian \u00e9 evidente na maneira como suas can\u00e7\u00f5es se tornaram parte do repert\u00f3rio essencial da m\u00fasica sertaneja. Cl\u00e1ssicos como &#8220;Chora Peito&#8221; e &#8220;Nova York&#8221; s\u00e3o exemplos de como suas melodias e letras continuam a ser celebradas e reinterpretadas por novos artistas. A longevidade de sua influ\u00eancia demonstra a profundidade de seu talento e a import\u00e2ncia de sua contribui\u00e7\u00e3o para a m\u00fasica brasileira.<\/p>\n\n<p>Para futuras gera\u00e7\u00f5es de m\u00fasicos, o legado de Cristian servir\u00e1 como um farol de inspira\u00e7\u00e3o. Sua dedica\u00e7\u00e3o \u00e0 arte e sua habilidade em capturar a ess\u00eancia das emo\u00e7\u00f5es humanas s\u00e3o qualidades que continuar\u00e3o a ser estudadas e admiradas. Atrav\u00e9s de suas can\u00e7\u00f5es, Cristian permanece vivo no cora\u00e7\u00e3o da m\u00fasica sertaneja, garantindo que sua mem\u00f3ria e seu impacto nunca sejam esquecidos.<\/p>\n\n<h2 class=\"wp-block-heading\">Repercuss\u00e3o e Homenagens<\/h2>\n\n<p>A morte de Cristian, da famosa dupla sertaneja Cristian e Ralf, causou uma como\u00e7\u00e3o significativa no mundo da m\u00fasica e entre seus f\u00e3s. O falecimento do cantor, conhecido por sua voz potente e interpretativa, gerou um grande volume de homenagens e despedidas emocionadas nas redes sociais. Colegas de profiss\u00e3o, amigos e admiradores expressaram suas condol\u00eancias e lembran\u00e7as afetivas, destacando a import\u00e2ncia de Cristian na cena musical brasileira.<\/p>\n\n<p>Artistas renomados como Zez\u00e9 di Camargo &amp; Luciano, Chit\u00e3ozinho &amp; Xoror\u00f3, e Leonardo compartilharam mensagens de pesar, ressaltando a amizade e o respeito que tinham por Cristian. Zez\u00e9 di Camargo, em um post no Instagram, mencionou: &#8220;Perdemos um \u00edcone da m\u00fasica sertaneja. Cristian, sua voz e seu talento ser\u00e3o eternamente lembrados.&#8221; Essas palavras ecoaram o sentimento de muitos outros m\u00fasicos que tamb\u00e9m prestaram suas homenagens.<\/p>\n\n<p>Al\u00e9m das mensagens pessoais, diversos eventos musicais foram dedicados \u00e0 mem\u00f3ria de Cristian. Em apresenta\u00e7\u00f5es recentes, artistas fizeram pausas para dedicar m\u00fasicas ao falecido cantor, criando momentos emocionantes de tributo. Festivais e shows ao vivo tamb\u00e9m inclu\u00edram minutos de sil\u00eancio e performances de cl\u00e1ssicos da dupla Cristian e Ralf, permitindo que o p\u00fablico e os colegas refletissem sobre o impacto duradouro de Cristian na m\u00fasica sertaneja.<\/p>\n\n<p>Os f\u00e3s de Cristian tamb\u00e9m se mobilizaram para homenagear o cantor. Nas redes sociais, hashtags como #LutoCristian e #EternoCristian se tornaram tend\u00eancias, com milhares de posts compartilhando mem\u00f3rias, fotos e v\u00eddeos de apresenta\u00e7\u00f5es ao longo dos anos. Muitos f\u00e3s expressaram como as m\u00fasicas de Cristian e Ralf fizeram parte de momentos importantes de suas vidas, desde festas at\u00e9 momentos de reflex\u00e3o pessoal.<\/p>\n\n<p>Os tributos em mem\u00f3ria de Cristian ilustram claramente como ele ser\u00e1 lembrado e honrado por todos que apreciavam seu talento e contribui\u00e7\u00e3o \u00e0 m\u00fasica. Sua voz e legado continuar\u00e3o a influenciar e inspirar futuras gera\u00e7\u00f5es de artistas e f\u00e3s.<\/p>","protected":false},"excerpt":{"rendered":"<p>Introdu\u00e7\u00e3o e Contexto da Not\u00edcia O falecimento de Cristian, integrante da renomada dupla sertaneja Cristian e Ralf, trouxe uma onda<\/p>\n","protected":false},"author":1,"featured_media":699,"comment_status":"closed","ping_status":"closed","sticky":true,"template":"","format":"standard","meta":{"colormag_page_container_layout":"default_layout","colormag_page_sidebar_layout":"default_layout","footnotes":""},"categories":[145],"tags":[146,147,114],"class_list":["post-698","post","type-post","status-publish","format-standard","has-post-thumbnail","hentry","category-noticias-de-musica","tag-cristian-e-ralf","tag-falecimento","tag-musica-sertaneja"],"aioseo_notices":[],"_links":{"self":[{"href":"https:\/\/mundodafama.online\/index.php\/wp-json\/wp\/v2\/posts\/698","targetHints":{"allow":["GET"]}}],"collection":[{"href":"https:\/\/mundodafama.online\/index.php\/wp-json\/wp\/v2\/posts"}],"about":[{"href":"https:\/\/mundodafama.online\/index.php\/wp-json\/wp\/v2\/types\/post"}],"author":[{"embeddable":true,"href":"https:\/\/mundodafama.online\/index.php\/wp-json\/wp\/v2\/users\/1"}],"replies":[{"embeddable":true,"href":"https:\/\/mundodafama.online\/index.php\/wp-json\/wp\/v2\/comments?post=698"}],"version-history":[{"count":0,"href":"https:\/\/mundodafama.online\/index.php\/wp-json\/wp\/v2\/posts\/698\/revisions"}],"wp:featuredmedia":[{"embeddable":true,"href":"https:\/\/mundodafama.online\/index.php\/wp-json\/wp\/v2\/media\/699"}],"wp:attachment":[{"href":"https:\/\/mundodafama.online\/index.php\/wp-json\/wp\/v2\/media?parent=698"}],"wp:term":[{"taxonomy":"category","embeddable":true,"href":"https:\/\/mundodafama.online\/index.php\/wp-json\/wp\/v2\/categories?post=698"},{"taxonomy":"post_tag","embeddable":true,"href":"https:\/\/mundodafama.online\/index.php\/wp-json\/wp\/v2\/tags?post=698"}],"curies":[{"name":"wp","href":"https:\/\/api.w.org\/{rel}","templated":true}]}}