{"id":974,"date":"2025-10-29T20:55:06","date_gmt":"2025-10-29T23:55:06","guid":{"rendered":"https:\/\/mundodafama.online\/?p=974"},"modified":"2025-10-29T20:55:50","modified_gmt":"2025-10-29T23:55:50","slug":"uma-estrela-que-nasceu-no-suburbio-e-conquistou-o-mundo","status":"publish","type":"post","link":"https:\/\/mundodafama.online\/index.php\/2025\/10\/29\/uma-estrela-que-nasceu-no-suburbio-e-conquistou-o-mundo\/","title":{"rendered":"Uma estrela que nasceu no sub\u00farbio e conquistou o mundo"},"content":{"rendered":"\n<p>Quando se fala em sucesso internacional, \u00e9 imposs\u00edvel n\u00e3o citar <strong>Anitta<\/strong>. Nascida no sub\u00farbio do Rio de Janeiro, a cantora construiu uma trajet\u00f3ria marcada por trabalho, ousadia e intelig\u00eancia estrat\u00e9gica.<br>Num pa\u00eds onde o funk carioca por muito tempo foi marginalizado, Anitta transformou o ritmo em passaporte cultural \u2014 levando o som das favelas brasileiras para os palcos mais prestigiados do planeta.<\/p>\n\n\n\n<p>Com seu carisma e dom\u00ednio da l\u00edngua inglesa e espanhola, ela quebrou barreiras e mostrou que o talento brasileiro pode, sim, competir de igual para igual com as grandes estrelas globais.<\/p>\n\n\n\n<hr class=\"wp-block-separator has-alpha-channel-opacity\"\/>\n\n\n\n<h3 class=\"wp-block-heading\">\ud83d\udc83 O in\u00edcio humilde e a for\u00e7a da determina\u00e7\u00e3o<\/h3>\n\n\n\n<p>Larissa de Macedo Machado \u2014 nome de batismo de Anitta \u2014 come\u00e7ou cantando na igreja e postando v\u00eddeos no YouTube. O sucesso veio em 2010, com o hit <em>Show das Poderosas<\/em>, que se tornou um hino de empoderamento e abriu as portas para uma carreira mete\u00f3rica.<br>O que poucos sabem \u00e9 que, por tr\u00e1s do glamour, h\u00e1 uma mulher que <strong>planeja cada passo com vis\u00e3o empresarial<\/strong>. Desde o in\u00edcio, Anitta estudou marketing, produ\u00e7\u00e3o musical e aprendeu a negociar seus pr\u00f3prios contratos, mostrando que talento e estrat\u00e9gia andam de m\u00e3os dadas.<\/p>\n\n\n\n<hr class=\"wp-block-separator has-alpha-channel-opacity\"\/>\n\n\n\n<h3 class=\"wp-block-heading\">\ud83c\udf0e A virada internacional: o funk atravessa fronteiras<\/h3>\n\n\n\n<p>A grande virada veio quando ela decidiu apostar na carreira internacional. Com parcerias de peso, como <em>Medicina<\/em>, <em>Downtown<\/em> (com J Balvin) e <em>Vai Malandra<\/em>, Anitta colocou o funk e o pop brasileiro no radar das maiores gravadoras do mundo.<br>Em 2022, ela fez hist\u00f3ria: foi a <strong>primeira brasileira a chegar ao topo global do Spotify<\/strong> com <em>Envolver<\/em>. Um feito hist\u00f3rico que colocou o Brasil no mapa da m\u00fasica mundial.<\/p>\n\n\n\n<p>Mais do que um hit, <em>Envolver<\/em> representou o reconhecimento de um estilo musical nascido nas comunidades \u2014 uma vit\u00f3ria cultural para o pa\u00eds inteiro.<\/p>\n\n\n\n<hr class=\"wp-block-separator has-alpha-channel-opacity\"\/>\n\n\n\n<h3 class=\"wp-block-heading\">\ud83d\udca1 O segredo do sucesso: estrat\u00e9gia, autenticidade e ra\u00edzes<\/h3>\n\n\n\n<p>Anitta sabe que fama n\u00e3o se sustenta apenas com beleza e talento. Ela mistura autenticidade com um olhar estrat\u00e9gico sobre o mercado.<br>Enquanto artistas tentam se adaptar \u00e0s modas do momento, Anitta <strong>mant\u00e9m suas ra\u00edzes no funk<\/strong>, incorporando novas influ\u00eancias, mas sem perder o \u201ctempero brasileiro\u201d que a diferencia.<\/p>\n\n\n\n<p>Nos bastidores, \u00e9 conhecida como uma negociadora firme, que toma as r\u00e9deas de sua carreira e exige respeito em um meio ainda dominado por homens. \u00c9 empres\u00e1ria de si mesma, investe em outras marcas e usa as redes sociais como principal vitrine \u2014 um verdadeiro manual moderno de marketing pessoal.<\/p>\n\n\n\n<hr class=\"wp-block-separator has-alpha-channel-opacity\"\/>\n\n\n\n<h3 class=\"wp-block-heading\">\ud83c\udf1f Do palco \u00e0 representatividade<\/h3>\n\n\n\n<p>Mais que cantora, Anitta tornou-se um <strong>s\u00edmbolo de representatividade<\/strong>. Sua trajet\u00f3ria inspira jovens de comunidades carentes a acreditarem no pr\u00f3prio potencial.<br>Ela nunca escondeu suas origens, e isso se tornou sua for\u00e7a. Mostra que o sucesso n\u00e3o \u00e9 privil\u00e9gio de quem nasce em ber\u00e7o de ouro \u2014 \u00e9 conquista de quem sonha alto e trabalha duro.<\/p>\n\n\n\n<p>Al\u00e9m disso, usa sua visibilidade para falar de temas como empoderamento feminino, liberdade sexual e independ\u00eancia financeira.<br>Em tempos de influenciadores de passagem r\u00e1pida, Anitta construiu algo raro: <strong>legado e respeito internacional<\/strong>.<\/p>\n\n\n\n<hr class=\"wp-block-separator has-alpha-channel-opacity\"\/>\n\n\n\n<h3 class=\"wp-block-heading\">\ud83d\udd4a\ufe0f Entre o pop e o orgulho brasileiro<\/h3>\n\n\n\n<p>Mesmo cantando em v\u00e1rios idiomas, a cantora mant\u00e9m viva a ess\u00eancia brasileira em cada produ\u00e7\u00e3o. Clipes coloridos, figurinos ousados e batidas quentes s\u00e3o sua marca registrada.<br>Ao se apresentar em festivais internacionais, ela faz quest\u00e3o de exibir o verde-amarelo com orgulho \u2014 levando o nome do Brasil com dignidade e estilo.<\/p>\n\n\n\n<p>Para quem acompanha o mundo das celebridades, Anitta n\u00e3o \u00e9 apenas uma artista: \u00e9 <strong>um fen\u00f4meno cultural<\/strong>.<br>Ela conseguiu o que poucos alcan\u00e7am \u2014 unir glamour e autenticidade, modernidade e tradi\u00e7\u00e3o.<\/p>\n\n\n\n<hr class=\"wp-block-separator has-alpha-channel-opacity\"\/>\n\n\n\n<h3 class=\"wp-block-heading\">\ud83c\udfc6 Um legado que inspira gera\u00e7\u00f5es<\/h3>\n\n\n\n<p>Anitta provou que o sucesso global n\u00e3o precisa significar a perda da identidade nacional. Ao contr\u00e1rio: \u00e9 justamente por ser genuinamente brasileira que ela conquistou o mundo.<br>Seu nome est\u00e1 entre os artistas latinos mais influentes da d\u00e9cada, e cada passo seu \u00e9 acompanhado por f\u00e3s, jornalistas e cr\u00edticos de todos os continentes.<\/p>\n\n\n\n<p>Do sub\u00farbio carioca aos palcos de Los Angeles, sua caminhada \u00e9 um lembrete de que <strong>o talento floresce <\/strong><\/p>\n\n\n\n<p><a href=\"https:\/\/mundodafama.online\">https:\/\/mundodafama.online<\/a><\/p>\n","protected":false},"excerpt":{"rendered":"<p>Quando se fala em sucesso internacional, \u00e9 imposs\u00edvel n\u00e3o citar Anitta. Nascida no sub\u00farbio do Rio de Janeiro, a cantora<\/p>\n","protected":false},"author":1,"featured_media":977,"comment_status":"open","ping_status":"open","sticky":true,"template":"","format":"standard","meta":{"colormag_page_container_layout":"default_layout","colormag_page_sidebar_layout":"default_layout","footnotes":""},"categories":[61],"tags":[],"class_list":["post-974","post","type-post","status-publish","format-standard","has-post-thumbnail","hentry","category-celebridades"],"aioseo_notices":[],"_links":{"self":[{"href":"https:\/\/mundodafama.online\/index.php\/wp-json\/wp\/v2\/posts\/974","targetHints":{"allow":["GET"]}}],"collection":[{"href":"https:\/\/mundodafama.online\/index.php\/wp-json\/wp\/v2\/posts"}],"about":[{"href":"https:\/\/mundodafama.online\/index.php\/wp-json\/wp\/v2\/types\/post"}],"author":[{"embeddable":true,"href":"https:\/\/mundodafama.online\/index.php\/wp-json\/wp\/v2\/users\/1"}],"replies":[{"embeddable":true,"href":"https:\/\/mundodafama.online\/index.php\/wp-json\/wp\/v2\/comments?post=974"}],"version-history":[{"count":1,"href":"https:\/\/mundodafama.online\/index.php\/wp-json\/wp\/v2\/posts\/974\/revisions"}],"predecessor-version":[{"id":976,"href":"https:\/\/mundodafama.online\/index.php\/wp-json\/wp\/v2\/posts\/974\/revisions\/976"}],"wp:featuredmedia":[{"embeddable":true,"href":"https:\/\/mundodafama.online\/index.php\/wp-json\/wp\/v2\/media\/977"}],"wp:attachment":[{"href":"https:\/\/mundodafama.online\/index.php\/wp-json\/wp\/v2\/media?parent=974"}],"wp:term":[{"taxonomy":"category","embeddable":true,"href":"https:\/\/mundodafama.online\/index.php\/wp-json\/wp\/v2\/categories?post=974"},{"taxonomy":"post_tag","embeddable":true,"href":"https:\/\/mundodafama.online\/index.php\/wp-json\/wp\/v2\/tags?post=974"}],"curies":[{"name":"wp","href":"https:\/\/api.w.org\/{rel}","templated":true}]}}